{"id":27460,"date":"2026-04-29T09:52:30","date_gmt":"2026-04-29T09:52:30","guid":{"rendered":"https:\/\/optimodal.nl\/?p=27460"},"modified":"2026-04-29T11:56:14","modified_gmt":"2026-04-29T11:56:14","slug":"fahrplananpassung-rotterdam-neuss-v-v-aufgrund-streckensperrung-und-pfingstfeiertagen","status":"publish","type":"post","link":"https:\/\/optimodal.nl\/de\/fahrplananpassung-rotterdam-neuss-v-v-aufgrund-streckensperrung-und-pfingstfeiertagen\/","title":{"rendered":"Fahrplananpassung Rotterdam \u2013 Neuss v.v. aufgrund Streckensperrung und Pfingstfeiertagen"},"content":{"rendered":"\n<p>Aufgrund der Sperrung der Hafenlinie in Rotterdam im Zeitraum vom 23.05.2026, 19:00 Uhr, bis zum 25.05.2026, 23:00 Uhr, sowie der Feiertage am 24. und 25.05.2026 (Pfingsten) in Deutschland und den Niederlanden kommt es zu \u00c4nderungen im Fahrplan.<\/p>\n\n\n\n<p>Wir bitten Sie, die daraus resultierenden Ausf\u00e4lle und Anpassungen bei Ihrer Planung entsprechend zu ber\u00fccksichtigen. Den jeweils aktuellen Fahrplan entnehmen Sie bitte der beigef\u00fcgten <a href=\"https:\/\/optimodal.nl\/wp-content\/uploads\/Streckensperrung-23.05.-25.05.2026-Rotterdam-Neuss-v.v-4.pdf\" target=\"_blank\" rel=\"noreferrer noopener\">PDF-Datei<\/a>.<\/p>\n\n\n\n<p>F\u00fcr R\u00fcckfragen steht Ihnen unser Team selbstverst\u00e4ndlich gerne zur Verf\u00fcgung.<\/p>\n\n\n\n<p>Rotterdam, 29.04.2026<\/p>\n\n\n\n<p><\/p>\n","protected":false},"excerpt":{"rendered":"<p>Aufgrund der Sperrung der Hafenlinie in Rotterdam im Zeitraum vom 23.05.2026, 19:00 Uhr, bis zum 25.05.2026, 23:00 Uhr, sowie der Feiertage am 24. und 25.05.2026 (Pfingsten) in Deutschland und den Niederlanden kommt es zu \u00c4nderungen im Fahrplan. Wir bitten Sie, die daraus resultierenden Ausf\u00e4lle und Anpassungen bei Ihrer Planung entsprechend zu ber\u00fccksichtigen. Den jeweils aktuellen [&hellip;]<\/p>\n","protected":false},"author":7,"featured_media":22364,"comment_status":"closed","ping_status":"closed","sticky":false,"template":"","format":"standard","meta":{"_monsterinsights_skip_tracking":false,"_monsterinsights_sitenote_active":false,"_monsterinsights_sitenote_note":"","_monsterinsights_sitenote_category":0,"footnotes":""},"categories":[1],"tags":[],"class_list":["post-27460","post","type-post","status-publish","format-standard","has-post-thumbnail","hentry","category-news"],"yoast_head":"<!-- This site is optimized with the Yoast SEO plugin v27.5 - https:\/\/yoast.com\/product\/yoast-seo-wordpress\/ -->\n<title>Fahrplananpassung Rotterdam \u2013 Neuss v.v. aufgrund Streckensperrung und Pfingstfeiertagen - Optimodal Nederland B.V. \u2013 Intermodaal Containervervoer in Europa<\/title>\n<meta name=\"description\" content=\"Aufgrund der Sperrung der Hafenlinie in Rotterdam im Zeitraum vom 23.05.2026, 19:00 Uhr, bis zum 25.05.2026, 23:00 Uhr, sowie der Feiertage am 24. und 25.05.2026 (Pfingsten) in Deutschland und den Niederlanden kommt es zu \u00c4nderungen im Fahrplan.Wir bitten Sie, die daraus resultierenden Ausf\u00e4lle und Anpassungen bei Ihrer Planung entsprechend zu ber\u00fccksichtigen. Den jeweils aktuellen Fahrplan entnehmen Sie bitte der beigef\u00fcgten PDF-Datei.\" \/>\n<meta name=\"robots\" content=\"index, follow, max-snippet:-1, max-image-preview:large, max-video-preview:-1\" \/>\n<link rel=\"canonical\" href=\"https:\/\/optimodal.nl\/de\/fahrplananpassung-rotterdam-neuss-v-v-aufgrund-streckensperrung-und-pfingstfeiertagen\/\" \/>\n<meta property=\"og:locale\" content=\"de_DE\" \/>\n<meta property=\"og:type\" content=\"article\" \/>\n<meta property=\"og:title\" content=\"Fahrplananpassung Rotterdam \u2013 Neuss v.v. aufgrund Streckensperrung und Pfingstfeiertagen - Optimodal Nederland B.V. \u2013 Intermodaal Containervervoer in Europa\" \/>\n<meta property=\"og:description\" content=\"Aufgrund der Sperrung der Hafenlinie in Rotterdam im Zeitraum vom 23.05.2026, 19:00 Uhr, bis zum 25.05.2026, 23:00 Uhr, sowie der Feiertage am 24. und 25.05.2026 (Pfingsten) in Deutschland und den Niederlanden kommt es zu \u00c4nderungen im Fahrplan.Wir bitten Sie, die daraus resultierenden Ausf\u00e4lle und Anpassungen bei Ihrer Planung entsprechend zu ber\u00fccksichtigen. Den jeweils aktuellen Fahrplan entnehmen Sie bitte der beigef\u00fcgten PDF-Datei.\" \/>\n<meta property=\"og:url\" content=\"https:\/\/optimodal.nl\/de\/fahrplananpassung-rotterdam-neuss-v-v-aufgrund-streckensperrung-und-pfingstfeiertagen\/\" \/>\n<meta property=\"og:site_name\" content=\"Optimodal Nederland B.V. \u2013 Intermodaal Containervervoer in Europa\" \/>\n<meta property=\"article:published_time\" content=\"2026-04-29T09:52:30+00:00\" \/>\n<meta property=\"article:modified_time\" content=\"2026-04-29T11:56:14+00:00\" \/>\n<meta property=\"og:image\" content=\"https:\/\/optimodal.nl\/wp-content\/uploads\/Rails-Bild-600x400-3.png\" \/>\n\t<meta property=\"og:image:width\" content=\"600\" \/>\n\t<meta property=\"og:image:height\" content=\"400\" \/>\n\t<meta property=\"og:image:type\" content=\"image\/png\" \/>\n<meta name=\"author\" content=\"Alev\" \/>\n<meta name=\"twitter:card\" content=\"summary_large_image\" \/>\n<meta name=\"twitter:label1\" content=\"Verfasst von\" \/>\n\t<meta name=\"twitter:data1\" content=\"Alev\" \/>\n\t<meta name=\"twitter:label2\" content=\"Gesch\u00e4tzte Lesezeit\" \/>\n\t<meta name=\"twitter:data2\" content=\"1\u00a0Minute\" \/>\n<script type=\"application\/ld+json\" class=\"yoast-schema-graph\">{\"@context\":\"https:\\\/\\\/schema.org\",\"@graph\":[{\"@type\":\"Article\",\"@id\":\"https:\\\/\\\/optimodal.nl\\\/de\\\/fahrplananpassung-rotterdam-neuss-v-v-aufgrund-streckensperrung-und-pfingstfeiertagen\\\/#article\",\"isPartOf\":{\"@id\":\"https:\\\/\\\/optimodal.nl\\\/de\\\/fahrplananpassung-rotterdam-neuss-v-v-aufgrund-streckensperrung-und-pfingstfeiertagen\\\/\"},\"author\":{\"name\":\"Alev\",\"@id\":\"https:\\\/\\\/optimodal.nl\\\/de\\\/#\\\/schema\\\/person\\\/785d41ce873de848548a7e7c98453df9\"},\"headline\":\"Fahrplananpassung Rotterdam \u2013 Neuss v.v. aufgrund Streckensperrung und Pfingstfeiertagen\",\"datePublished\":\"2026-04-29T09:52:30+00:00\",\"dateModified\":\"2026-04-29T11:56:14+00:00\",\"mainEntityOfPage\":{\"@id\":\"https:\\\/\\\/optimodal.nl\\\/de\\\/fahrplananpassung-rotterdam-neuss-v-v-aufgrund-streckensperrung-und-pfingstfeiertagen\\\/\"},\"wordCount\":83,\"publisher\":{\"@id\":\"https:\\\/\\\/optimodal.nl\\\/de\\\/#organization\"},\"image\":{\"@id\":\"https:\\\/\\\/optimodal.nl\\\/de\\\/fahrplananpassung-rotterdam-neuss-v-v-aufgrund-streckensperrung-und-pfingstfeiertagen\\\/#primaryimage\"},\"thumbnailUrl\":\"https:\\\/\\\/optimodal.nl\\\/wp-content\\\/uploads\\\/Rails-Bild-600x400-3.png\",\"articleSection\":[\"News\"],\"inLanguage\":\"de\"},{\"@type\":\"WebPage\",\"@id\":\"https:\\\/\\\/optimodal.nl\\\/de\\\/fahrplananpassung-rotterdam-neuss-v-v-aufgrund-streckensperrung-und-pfingstfeiertagen\\\/\",\"url\":\"https:\\\/\\\/optimodal.nl\\\/de\\\/fahrplananpassung-rotterdam-neuss-v-v-aufgrund-streckensperrung-und-pfingstfeiertagen\\\/\",\"name\":\"Fahrplananpassung Rotterdam \u2013 Neuss v.v. aufgrund Streckensperrung und Pfingstfeiertagen - Optimodal Nederland B.V. \u2013 Intermodaal Containervervoer in Europa\",\"isPartOf\":{\"@id\":\"https:\\\/\\\/optimodal.nl\\\/de\\\/#website\"},\"primaryImageOfPage\":{\"@id\":\"https:\\\/\\\/optimodal.nl\\\/de\\\/fahrplananpassung-rotterdam-neuss-v-v-aufgrund-streckensperrung-und-pfingstfeiertagen\\\/#primaryimage\"},\"image\":{\"@id\":\"https:\\\/\\\/optimodal.nl\\\/de\\\/fahrplananpassung-rotterdam-neuss-v-v-aufgrund-streckensperrung-und-pfingstfeiertagen\\\/#primaryimage\"},\"thumbnailUrl\":\"https:\\\/\\\/optimodal.nl\\\/wp-content\\\/uploads\\\/Rails-Bild-600x400-3.png\",\"datePublished\":\"2026-04-29T09:52:30+00:00\",\"dateModified\":\"2026-04-29T11:56:14+00:00\",\"description\":\"Aufgrund der Sperrung der Hafenlinie in Rotterdam im Zeitraum vom 23.05.2026, 19:00 Uhr, bis zum 25.05.2026, 23:00 Uhr, sowie der Feiertage am 24. und 25.05.2026 (Pfingsten) in Deutschland und den Niederlanden kommt es zu \u00c4nderungen im Fahrplan.Wir bitten Sie, die daraus resultierenden Ausf\u00e4lle und Anpassungen bei Ihrer Planung entsprechend zu ber\u00fccksichtigen. Den jeweils aktuellen Fahrplan entnehmen Sie bitte der beigef\u00fcgten PDF-Datei.\",\"breadcrumb\":{\"@id\":\"https:\\\/\\\/optimodal.nl\\\/de\\\/fahrplananpassung-rotterdam-neuss-v-v-aufgrund-streckensperrung-und-pfingstfeiertagen\\\/#breadcrumb\"},\"inLanguage\":\"de\",\"potentialAction\":[{\"@type\":\"ReadAction\",\"target\":[\"https:\\\/\\\/optimodal.nl\\\/de\\\/fahrplananpassung-rotterdam-neuss-v-v-aufgrund-streckensperrung-und-pfingstfeiertagen\\\/\"]}]},{\"@type\":\"ImageObject\",\"inLanguage\":\"de\",\"@id\":\"https:\\\/\\\/optimodal.nl\\\/de\\\/fahrplananpassung-rotterdam-neuss-v-v-aufgrund-streckensperrung-und-pfingstfeiertagen\\\/#primaryimage\",\"url\":\"https:\\\/\\\/optimodal.nl\\\/wp-content\\\/uploads\\\/Rails-Bild-600x400-3.png\",\"contentUrl\":\"https:\\\/\\\/optimodal.nl\\\/wp-content\\\/uploads\\\/Rails-Bild-600x400-3.png\",\"width\":600,\"height\":400},{\"@type\":\"BreadcrumbList\",\"@id\":\"https:\\\/\\\/optimodal.nl\\\/de\\\/fahrplananpassung-rotterdam-neuss-v-v-aufgrund-streckensperrung-und-pfingstfeiertagen\\\/#breadcrumb\",\"itemListElement\":[{\"@type\":\"ListItem\",\"position\":1,\"name\":\"Home\",\"item\":\"https:\\\/\\\/optimodal.nl\\\/de\\\/\"},{\"@type\":\"ListItem\",\"position\":2,\"name\":\"Fahrplananpassung Rotterdam \u2013 Neuss v.v. aufgrund Streckensperrung und Pfingstfeiertagen\"}]},{\"@type\":\"WebSite\",\"@id\":\"https:\\\/\\\/optimodal.nl\\\/de\\\/#website\",\"url\":\"https:\\\/\\\/optimodal.nl\\\/de\\\/\",\"name\":\"Optimodal.nl \u2013 Intermodal Containertransport in Europa\",\"description\":\"Wir verbinden H\u00e4fen und Terminals im Hinterland mit nachhaltigen Logistikl\u00f6sungen \u00fcber Schiene, Binnenschifffahrt und Stra\u00dfe \u2013 intelligent, flexibel und umweltfreundlich.\",\"publisher\":{\"@id\":\"https:\\\/\\\/optimodal.nl\\\/de\\\/#organization\"},\"potentialAction\":[{\"@type\":\"SearchAction\",\"target\":{\"@type\":\"EntryPoint\",\"urlTemplate\":\"https:\\\/\\\/optimodal.nl\\\/de\\\/?s={search_term_string}\"},\"query-input\":{\"@type\":\"PropertyValueSpecification\",\"valueRequired\":true,\"valueName\":\"search_term_string\"}}],\"inLanguage\":\"de\"},{\"@type\":\"Organization\",\"@id\":\"https:\\\/\\\/optimodal.nl\\\/de\\\/#organization\",\"name\":\"Optimodal Nederland B.V.\",\"alternateName\":\"Optimodal\",\"url\":\"https:\\\/\\\/optimodal.nl\\\/de\\\/\",\"logo\":{\"@type\":\"ImageObject\",\"inLanguage\":\"de\",\"@id\":\"https:\\\/\\\/optimodal.nl\\\/de\\\/#\\\/schema\\\/logo\\\/image\\\/\",\"url\":\"https:\\\/\\\/optimodal.nl\\\/wp-content\\\/uploads\\\/cropped-LOGO-500x500-Symbol.png\",\"contentUrl\":\"https:\\\/\\\/optimodal.nl\\\/wp-content\\\/uploads\\\/cropped-LOGO-500x500-Symbol.png\",\"width\":512,\"height\":512,\"caption\":\"Optimodal Nederland B.V.\"},\"image\":{\"@id\":\"https:\\\/\\\/optimodal.nl\\\/de\\\/#\\\/schema\\\/logo\\\/image\\\/\"},\"sameAs\":[\"https:\\\/\\\/www.linkedin.com\\\/company\\\/optimodal-nederland-b-v-\\\/\"]},{\"@type\":\"Person\",\"@id\":\"https:\\\/\\\/optimodal.nl\\\/de\\\/#\\\/schema\\\/person\\\/785d41ce873de848548a7e7c98453df9\",\"name\":\"Alev\",\"sameAs\":[\"http:\\\/\\\/optimodal.nl\"],\"url\":\"https:\\\/\\\/optimodal.nl\\\/de\\\/author\\\/sekretariat\\\/\"}]}<\/script>\n<!-- \/ Yoast SEO plugin. -->","yoast_head_json":{"title":"Fahrplananpassung Rotterdam \u2013 Neuss v.v. aufgrund Streckensperrung und Pfingstfeiertagen - Optimodal Nederland B.V. \u2013 Intermodaal Containervervoer in Europa","description":"Aufgrund der Sperrung der Hafenlinie in Rotterdam im Zeitraum vom 23.05.2026, 19:00 Uhr, bis zum 25.05.2026, 23:00 Uhr, sowie der Feiertage am 24. und 25.05.2026 (Pfingsten) in Deutschland und den Niederlanden kommt es zu \u00c4nderungen im Fahrplan.Wir bitten Sie, die daraus resultierenden Ausf\u00e4lle und Anpassungen bei Ihrer Planung entsprechend zu ber\u00fccksichtigen. Den jeweils aktuellen Fahrplan entnehmen Sie bitte der beigef\u00fcgten PDF-Datei.","robots":{"index":"index","follow":"follow","max-snippet":"max-snippet:-1","max-image-preview":"max-image-preview:large","max-video-preview":"max-video-preview:-1"},"canonical":"https:\/\/optimodal.nl\/de\/fahrplananpassung-rotterdam-neuss-v-v-aufgrund-streckensperrung-und-pfingstfeiertagen\/","og_locale":"de_DE","og_type":"article","og_title":"Fahrplananpassung Rotterdam \u2013 Neuss v.v. aufgrund Streckensperrung und Pfingstfeiertagen - Optimodal Nederland B.V. \u2013 Intermodaal Containervervoer in Europa","og_description":"Aufgrund der Sperrung der Hafenlinie in Rotterdam im Zeitraum vom 23.05.2026, 19:00 Uhr, bis zum 25.05.2026, 23:00 Uhr, sowie der Feiertage am 24. und 25.05.2026 (Pfingsten) in Deutschland und den Niederlanden kommt es zu \u00c4nderungen im Fahrplan.Wir bitten Sie, die daraus resultierenden Ausf\u00e4lle und Anpassungen bei Ihrer Planung entsprechend zu ber\u00fccksichtigen. Den jeweils aktuellen Fahrplan entnehmen Sie bitte der beigef\u00fcgten PDF-Datei.","og_url":"https:\/\/optimodal.nl\/de\/fahrplananpassung-rotterdam-neuss-v-v-aufgrund-streckensperrung-und-pfingstfeiertagen\/","og_site_name":"Optimodal Nederland B.V. \u2013 Intermodaal Containervervoer in Europa","article_published_time":"2026-04-29T09:52:30+00:00","article_modified_time":"2026-04-29T11:56:14+00:00","og_image":[{"width":600,"height":400,"url":"https:\/\/optimodal.nl\/wp-content\/uploads\/Rails-Bild-600x400-3.png","type":"image\/png"}],"author":"Alev","twitter_card":"summary_large_image","twitter_misc":{"Verfasst von":"Alev","Gesch\u00e4tzte Lesezeit":"1\u00a0Minute"},"schema":{"@context":"https:\/\/schema.org","@graph":[{"@type":"Article","@id":"https:\/\/optimodal.nl\/de\/fahrplananpassung-rotterdam-neuss-v-v-aufgrund-streckensperrung-und-pfingstfeiertagen\/#article","isPartOf":{"@id":"https:\/\/optimodal.nl\/de\/fahrplananpassung-rotterdam-neuss-v-v-aufgrund-streckensperrung-und-pfingstfeiertagen\/"},"author":{"name":"Alev","@id":"https:\/\/optimodal.nl\/de\/#\/schema\/person\/785d41ce873de848548a7e7c98453df9"},"headline":"Fahrplananpassung Rotterdam \u2013 Neuss v.v. aufgrund Streckensperrung und Pfingstfeiertagen","datePublished":"2026-04-29T09:52:30+00:00","dateModified":"2026-04-29T11:56:14+00:00","mainEntityOfPage":{"@id":"https:\/\/optimodal.nl\/de\/fahrplananpassung-rotterdam-neuss-v-v-aufgrund-streckensperrung-und-pfingstfeiertagen\/"},"wordCount":83,"publisher":{"@id":"https:\/\/optimodal.nl\/de\/#organization"},"image":{"@id":"https:\/\/optimodal.nl\/de\/fahrplananpassung-rotterdam-neuss-v-v-aufgrund-streckensperrung-und-pfingstfeiertagen\/#primaryimage"},"thumbnailUrl":"https:\/\/optimodal.nl\/wp-content\/uploads\/Rails-Bild-600x400-3.png","articleSection":["News"],"inLanguage":"de"},{"@type":"WebPage","@id":"https:\/\/optimodal.nl\/de\/fahrplananpassung-rotterdam-neuss-v-v-aufgrund-streckensperrung-und-pfingstfeiertagen\/","url":"https:\/\/optimodal.nl\/de\/fahrplananpassung-rotterdam-neuss-v-v-aufgrund-streckensperrung-und-pfingstfeiertagen\/","name":"Fahrplananpassung Rotterdam \u2013 Neuss v.v. aufgrund Streckensperrung und Pfingstfeiertagen - Optimodal Nederland B.V. \u2013 Intermodaal Containervervoer in Europa","isPartOf":{"@id":"https:\/\/optimodal.nl\/de\/#website"},"primaryImageOfPage":{"@id":"https:\/\/optimodal.nl\/de\/fahrplananpassung-rotterdam-neuss-v-v-aufgrund-streckensperrung-und-pfingstfeiertagen\/#primaryimage"},"image":{"@id":"https:\/\/optimodal.nl\/de\/fahrplananpassung-rotterdam-neuss-v-v-aufgrund-streckensperrung-und-pfingstfeiertagen\/#primaryimage"},"thumbnailUrl":"https:\/\/optimodal.nl\/wp-content\/uploads\/Rails-Bild-600x400-3.png","datePublished":"2026-04-29T09:52:30+00:00","dateModified":"2026-04-29T11:56:14+00:00","description":"Aufgrund der Sperrung der Hafenlinie in Rotterdam im Zeitraum vom 23.05.2026, 19:00 Uhr, bis zum 25.05.2026, 23:00 Uhr, sowie der Feiertage am 24. und 25.05.2026 (Pfingsten) in Deutschland und den Niederlanden kommt es zu \u00c4nderungen im Fahrplan.Wir bitten Sie, die daraus resultierenden Ausf\u00e4lle und Anpassungen bei Ihrer Planung entsprechend zu ber\u00fccksichtigen. Den jeweils aktuellen Fahrplan entnehmen Sie bitte der beigef\u00fcgten PDF-Datei.","breadcrumb":{"@id":"https:\/\/optimodal.nl\/de\/fahrplananpassung-rotterdam-neuss-v-v-aufgrund-streckensperrung-und-pfingstfeiertagen\/#breadcrumb"},"inLanguage":"de","potentialAction":[{"@type":"ReadAction","target":["https:\/\/optimodal.nl\/de\/fahrplananpassung-rotterdam-neuss-v-v-aufgrund-streckensperrung-und-pfingstfeiertagen\/"]}]},{"@type":"ImageObject","inLanguage":"de","@id":"https:\/\/optimodal.nl\/de\/fahrplananpassung-rotterdam-neuss-v-v-aufgrund-streckensperrung-und-pfingstfeiertagen\/#primaryimage","url":"https:\/\/optimodal.nl\/wp-content\/uploads\/Rails-Bild-600x400-3.png","contentUrl":"https:\/\/optimodal.nl\/wp-content\/uploads\/Rails-Bild-600x400-3.png","width":600,"height":400},{"@type":"BreadcrumbList","@id":"https:\/\/optimodal.nl\/de\/fahrplananpassung-rotterdam-neuss-v-v-aufgrund-streckensperrung-und-pfingstfeiertagen\/#breadcrumb","itemListElement":[{"@type":"ListItem","position":1,"name":"Home","item":"https:\/\/optimodal.nl\/de\/"},{"@type":"ListItem","position":2,"name":"Fahrplananpassung Rotterdam \u2013 Neuss v.v. aufgrund Streckensperrung und Pfingstfeiertagen"}]},{"@type":"WebSite","@id":"https:\/\/optimodal.nl\/de\/#website","url":"https:\/\/optimodal.nl\/de\/","name":"Optimodal.nl \u2013 Intermodal Containertransport in Europa","description":"Wir verbinden H\u00e4fen und Terminals im Hinterland mit nachhaltigen Logistikl\u00f6sungen \u00fcber Schiene, Binnenschifffahrt und Stra\u00dfe \u2013 intelligent, flexibel und umweltfreundlich.","publisher":{"@id":"https:\/\/optimodal.nl\/de\/#organization"},"potentialAction":[{"@type":"SearchAction","target":{"@type":"EntryPoint","urlTemplate":"https:\/\/optimodal.nl\/de\/?s={search_term_string}"},"query-input":{"@type":"PropertyValueSpecification","valueRequired":true,"valueName":"search_term_string"}}],"inLanguage":"de"},{"@type":"Organization","@id":"https:\/\/optimodal.nl\/de\/#organization","name":"Optimodal Nederland B.V.","alternateName":"Optimodal","url":"https:\/\/optimodal.nl\/de\/","logo":{"@type":"ImageObject","inLanguage":"de","@id":"https:\/\/optimodal.nl\/de\/#\/schema\/logo\/image\/","url":"https:\/\/optimodal.nl\/wp-content\/uploads\/cropped-LOGO-500x500-Symbol.png","contentUrl":"https:\/\/optimodal.nl\/wp-content\/uploads\/cropped-LOGO-500x500-Symbol.png","width":512,"height":512,"caption":"Optimodal Nederland B.V."},"image":{"@id":"https:\/\/optimodal.nl\/de\/#\/schema\/logo\/image\/"},"sameAs":["https:\/\/www.linkedin.com\/company\/optimodal-nederland-b-v-\/"]},{"@type":"Person","@id":"https:\/\/optimodal.nl\/de\/#\/schema\/person\/785d41ce873de848548a7e7c98453df9","name":"Alev","sameAs":["http:\/\/optimodal.nl"],"url":"https:\/\/optimodal.nl\/de\/author\/sekretariat\/"}]}},"_links":{"self":[{"href":"https:\/\/optimodal.nl\/de\/wp-json\/wp\/v2\/posts\/27460","targetHints":{"allow":["GET"]}}],"collection":[{"href":"https:\/\/optimodal.nl\/de\/wp-json\/wp\/v2\/posts"}],"about":[{"href":"https:\/\/optimodal.nl\/de\/wp-json\/wp\/v2\/types\/post"}],"author":[{"embeddable":true,"href":"https:\/\/optimodal.nl\/de\/wp-json\/wp\/v2\/users\/7"}],"replies":[{"embeddable":true,"href":"https:\/\/optimodal.nl\/de\/wp-json\/wp\/v2\/comments?post=27460"}],"version-history":[{"count":3,"href":"https:\/\/optimodal.nl\/de\/wp-json\/wp\/v2\/posts\/27460\/revisions"}],"predecessor-version":[{"id":27496,"href":"https:\/\/optimodal.nl\/de\/wp-json\/wp\/v2\/posts\/27460\/revisions\/27496"}],"wp:featuredmedia":[{"embeddable":true,"href":"https:\/\/optimodal.nl\/de\/wp-json\/wp\/v2\/media\/22364"}],"wp:attachment":[{"href":"https:\/\/optimodal.nl\/de\/wp-json\/wp\/v2\/media?parent=27460"}],"wp:term":[{"taxonomy":"category","embeddable":true,"href":"https:\/\/optimodal.nl\/de\/wp-json\/wp\/v2\/categories?post=27460"},{"taxonomy":"post_tag","embeddable":true,"href":"https:\/\/optimodal.nl\/de\/wp-json\/wp\/v2\/tags?post=27460"}],"curies":[{"name":"wp","href":"https:\/\/api.w.org\/{rel}","templated":true}]}}