{"id":27330,"date":"2026-04-20T08:47:16","date_gmt":"2026-04-20T08:47:16","guid":{"rendered":"https:\/\/optimodal.nl\/?p=27330"},"modified":"2026-04-20T08:48:20","modified_gmt":"2026-04-20T08:48:20","slug":"hinweis-zum-feiertag-koenigstag-nl-27-april-2026","status":"publish","type":"post","link":"https:\/\/optimodal.nl\/de\/hinweis-zum-feiertag-koenigstag-nl-27-april-2026\/","title":{"rendered":"Hinweis zum Feiertag \u201eK\u00f6nigstag\u201c (NL) \u2013 27. April 2026"},"content":{"rendered":"\n<p>Aufgrund des niederl\u00e4ndischen Feiertags &#8222;K\u00f6nigstag&#8220; sind wir am\u00a0<strong>Montag, 27. April 2026 in unserem B\u00fcro in Rotterdam nicht erreichbar<\/strong>.<\/p>\n\n\n\n<p>Unsere Zugverkehre sind von dem Feiertag nicht betroffen. Am Dienstag den 28.April 2026 sind wir wieder wie gewohnt f\u00fcr Sie erreichbar.<\/p>\n\n\n\n<p>Vielen Dank f\u00fcr Ihr Verst\u00e4ndnis.<\/p>\n\n\n\n<p>Rotterdam, 20.04.2026<\/p>\n","protected":false},"excerpt":{"rendered":"<p>Aufgrund des niederl\u00e4ndischen Feiertags &#8222;K\u00f6nigstag&#8220; sind wir am\u00a0Montag, 27. April 2026 in unserem B\u00fcro in Rotterdam nicht erreichbar. Unsere Zugverkehre sind von dem Feiertag nicht betroffen. Am Dienstag den 28.April 2026 sind wir wieder wie gewohnt f\u00fcr Sie erreichbar. Vielen Dank f\u00fcr Ihr Verst\u00e4ndnis. Rotterdam, 20.04.2026<\/p>\n","protected":false},"author":7,"featured_media":27326,"comment_status":"closed","ping_status":"closed","sticky":false,"template":"","format":"standard","meta":{"_monsterinsights_skip_tracking":false,"_monsterinsights_sitenote_active":false,"_monsterinsights_sitenote_note":"","_monsterinsights_sitenote_category":0,"footnotes":""},"categories":[1],"tags":[],"class_list":["post-27330","post","type-post","status-publish","format-standard","has-post-thumbnail","hentry","category-news"],"yoast_head":"<!-- This site is optimized with the Yoast SEO plugin v27.5 - https:\/\/yoast.com\/product\/yoast-seo-wordpress\/ -->\n<title>Hinweis zum Feiertag \u201eK\u00f6nigstag\u201c (NL) \u2013 27. April 2026 - Optimodal Nederland B.V. \u2013 Intermodaal Containervervoer in Europa<\/title>\n<meta name=\"robots\" content=\"index, follow, max-snippet:-1, max-image-preview:large, max-video-preview:-1\" \/>\n<link rel=\"canonical\" href=\"https:\/\/optimodal.nl\/de\/hinweis-zum-feiertag-koenigstag-nl-27-april-2026\/\" \/>\n<meta property=\"og:locale\" content=\"de_DE\" \/>\n<meta property=\"og:type\" content=\"article\" \/>\n<meta property=\"og:title\" content=\"Hinweis zum Feiertag \u201eK\u00f6nigstag\u201c (NL) \u2013 27. April 2026 - Optimodal Nederland B.V. \u2013 Intermodaal Containervervoer in Europa\" \/>\n<meta property=\"og:description\" content=\"Aufgrund des niederl\u00e4ndischen Feiertags &#8222;K\u00f6nigstag&#8220; sind wir am\u00a0Montag, 27. April 2026 in unserem B\u00fcro in Rotterdam nicht erreichbar. Unsere Zugverkehre sind von dem Feiertag nicht betroffen. Am Dienstag den 28.April 2026 sind wir wieder wie gewohnt f\u00fcr Sie erreichbar. Vielen Dank f\u00fcr Ihr Verst\u00e4ndnis. Rotterdam, 20.04.2026\" \/>\n<meta property=\"og:url\" content=\"https:\/\/optimodal.nl\/de\/hinweis-zum-feiertag-koenigstag-nl-27-april-2026\/\" \/>\n<meta property=\"og:site_name\" content=\"Optimodal Nederland B.V. \u2013 Intermodaal Containervervoer in Europa\" \/>\n<meta property=\"article:published_time\" content=\"2026-04-20T08:47:16+00:00\" \/>\n<meta property=\"article:modified_time\" content=\"2026-04-20T08:48:20+00:00\" \/>\n<meta property=\"og:image\" content=\"https:\/\/optimodal.nl\/wp-content\/uploads\/Konigstag_Optimodal.png\" \/>\n\t<meta property=\"og:image:width\" content=\"600\" \/>\n\t<meta property=\"og:image:height\" content=\"400\" \/>\n\t<meta property=\"og:image:type\" content=\"image\/png\" \/>\n<meta name=\"author\" content=\"Alev\" \/>\n<meta name=\"twitter:card\" content=\"summary_large_image\" \/>\n<meta name=\"twitter:label1\" content=\"Verfasst von\" \/>\n\t<meta name=\"twitter:data1\" content=\"Alev\" \/>\n\t<meta name=\"twitter:label2\" content=\"Gesch\u00e4tzte Lesezeit\" \/>\n\t<meta name=\"twitter:data2\" content=\"1\u00a0Minute\" \/>\n<script type=\"application\/ld+json\" class=\"yoast-schema-graph\">{\"@context\":\"https:\\\/\\\/schema.org\",\"@graph\":[{\"@type\":\"Article\",\"@id\":\"https:\\\/\\\/optimodal.nl\\\/de\\\/hinweis-zum-feiertag-koenigstag-nl-27-april-2026\\\/#article\",\"isPartOf\":{\"@id\":\"https:\\\/\\\/optimodal.nl\\\/de\\\/hinweis-zum-feiertag-koenigstag-nl-27-april-2026\\\/\"},\"author\":{\"name\":\"Alev\",\"@id\":\"https:\\\/\\\/optimodal.nl\\\/de\\\/#\\\/schema\\\/person\\\/785d41ce873de848548a7e7c98453df9\"},\"headline\":\"Hinweis zum Feiertag \u201eK\u00f6nigstag\u201c (NL) \u2013 27. April 2026\",\"datePublished\":\"2026-04-20T08:47:16+00:00\",\"dateModified\":\"2026-04-20T08:48:20+00:00\",\"mainEntityOfPage\":{\"@id\":\"https:\\\/\\\/optimodal.nl\\\/de\\\/hinweis-zum-feiertag-koenigstag-nl-27-april-2026\\\/\"},\"wordCount\":56,\"publisher\":{\"@id\":\"https:\\\/\\\/optimodal.nl\\\/de\\\/#organization\"},\"image\":{\"@id\":\"https:\\\/\\\/optimodal.nl\\\/de\\\/hinweis-zum-feiertag-koenigstag-nl-27-april-2026\\\/#primaryimage\"},\"thumbnailUrl\":\"https:\\\/\\\/optimodal.nl\\\/wp-content\\\/uploads\\\/Konigstag_Optimodal.png\",\"articleSection\":[\"News\"],\"inLanguage\":\"de\"},{\"@type\":\"WebPage\",\"@id\":\"https:\\\/\\\/optimodal.nl\\\/de\\\/hinweis-zum-feiertag-koenigstag-nl-27-april-2026\\\/\",\"url\":\"https:\\\/\\\/optimodal.nl\\\/de\\\/hinweis-zum-feiertag-koenigstag-nl-27-april-2026\\\/\",\"name\":\"Hinweis zum Feiertag \u201eK\u00f6nigstag\u201c (NL) \u2013 27. April 2026 - Optimodal Nederland B.V. \u2013 Intermodaal Containervervoer in Europa\",\"isPartOf\":{\"@id\":\"https:\\\/\\\/optimodal.nl\\\/de\\\/#website\"},\"primaryImageOfPage\":{\"@id\":\"https:\\\/\\\/optimodal.nl\\\/de\\\/hinweis-zum-feiertag-koenigstag-nl-27-april-2026\\\/#primaryimage\"},\"image\":{\"@id\":\"https:\\\/\\\/optimodal.nl\\\/de\\\/hinweis-zum-feiertag-koenigstag-nl-27-april-2026\\\/#primaryimage\"},\"thumbnailUrl\":\"https:\\\/\\\/optimodal.nl\\\/wp-content\\\/uploads\\\/Konigstag_Optimodal.png\",\"datePublished\":\"2026-04-20T08:47:16+00:00\",\"dateModified\":\"2026-04-20T08:48:20+00:00\",\"breadcrumb\":{\"@id\":\"https:\\\/\\\/optimodal.nl\\\/de\\\/hinweis-zum-feiertag-koenigstag-nl-27-april-2026\\\/#breadcrumb\"},\"inLanguage\":\"de\",\"potentialAction\":[{\"@type\":\"ReadAction\",\"target\":[\"https:\\\/\\\/optimodal.nl\\\/de\\\/hinweis-zum-feiertag-koenigstag-nl-27-april-2026\\\/\"]}]},{\"@type\":\"ImageObject\",\"inLanguage\":\"de\",\"@id\":\"https:\\\/\\\/optimodal.nl\\\/de\\\/hinweis-zum-feiertag-koenigstag-nl-27-april-2026\\\/#primaryimage\",\"url\":\"https:\\\/\\\/optimodal.nl\\\/wp-content\\\/uploads\\\/Konigstag_Optimodal.png\",\"contentUrl\":\"https:\\\/\\\/optimodal.nl\\\/wp-content\\\/uploads\\\/Konigstag_Optimodal.png\",\"width\":600,\"height\":400},{\"@type\":\"BreadcrumbList\",\"@id\":\"https:\\\/\\\/optimodal.nl\\\/de\\\/hinweis-zum-feiertag-koenigstag-nl-27-april-2026\\\/#breadcrumb\",\"itemListElement\":[{\"@type\":\"ListItem\",\"position\":1,\"name\":\"Home\",\"item\":\"https:\\\/\\\/optimodal.nl\\\/de\\\/\"},{\"@type\":\"ListItem\",\"position\":2,\"name\":\"Hinweis zum Feiertag \u201eK\u00f6nigstag\u201c (NL) \u2013 27. April 2026\"}]},{\"@type\":\"WebSite\",\"@id\":\"https:\\\/\\\/optimodal.nl\\\/de\\\/#website\",\"url\":\"https:\\\/\\\/optimodal.nl\\\/de\\\/\",\"name\":\"Optimodal.nl \u2013 Intermodal Containertransport in Europa\",\"description\":\"Wir verbinden H\u00e4fen und Terminals im Hinterland mit nachhaltigen Logistikl\u00f6sungen \u00fcber Schiene, Binnenschifffahrt und Stra\u00dfe \u2013 intelligent, flexibel und umweltfreundlich.\",\"publisher\":{\"@id\":\"https:\\\/\\\/optimodal.nl\\\/de\\\/#organization\"},\"potentialAction\":[{\"@type\":\"SearchAction\",\"target\":{\"@type\":\"EntryPoint\",\"urlTemplate\":\"https:\\\/\\\/optimodal.nl\\\/de\\\/?s={search_term_string}\"},\"query-input\":{\"@type\":\"PropertyValueSpecification\",\"valueRequired\":true,\"valueName\":\"search_term_string\"}}],\"inLanguage\":\"de\"},{\"@type\":\"Organization\",\"@id\":\"https:\\\/\\\/optimodal.nl\\\/de\\\/#organization\",\"name\":\"Optimodal Nederland B.V.\",\"alternateName\":\"Optimodal\",\"url\":\"https:\\\/\\\/optimodal.nl\\\/de\\\/\",\"logo\":{\"@type\":\"ImageObject\",\"inLanguage\":\"de\",\"@id\":\"https:\\\/\\\/optimodal.nl\\\/de\\\/#\\\/schema\\\/logo\\\/image\\\/\",\"url\":\"https:\\\/\\\/optimodal.nl\\\/wp-content\\\/uploads\\\/cropped-LOGO-500x500-Symbol.png\",\"contentUrl\":\"https:\\\/\\\/optimodal.nl\\\/wp-content\\\/uploads\\\/cropped-LOGO-500x500-Symbol.png\",\"width\":512,\"height\":512,\"caption\":\"Optimodal Nederland B.V.\"},\"image\":{\"@id\":\"https:\\\/\\\/optimodal.nl\\\/de\\\/#\\\/schema\\\/logo\\\/image\\\/\"},\"sameAs\":[\"https:\\\/\\\/www.linkedin.com\\\/company\\\/optimodal-nederland-b-v-\\\/\"]},{\"@type\":\"Person\",\"@id\":\"https:\\\/\\\/optimodal.nl\\\/de\\\/#\\\/schema\\\/person\\\/785d41ce873de848548a7e7c98453df9\",\"name\":\"Alev\",\"sameAs\":[\"http:\\\/\\\/optimodal.nl\"],\"url\":\"https:\\\/\\\/optimodal.nl\\\/de\\\/author\\\/sekretariat\\\/\"}]}<\/script>\n<!-- \/ Yoast SEO plugin. -->","yoast_head_json":{"title":"Hinweis zum Feiertag \u201eK\u00f6nigstag\u201c (NL) \u2013 27. April 2026 - Optimodal Nederland B.V. \u2013 Intermodaal Containervervoer in Europa","robots":{"index":"index","follow":"follow","max-snippet":"max-snippet:-1","max-image-preview":"max-image-preview:large","max-video-preview":"max-video-preview:-1"},"canonical":"https:\/\/optimodal.nl\/de\/hinweis-zum-feiertag-koenigstag-nl-27-april-2026\/","og_locale":"de_DE","og_type":"article","og_title":"Hinweis zum Feiertag \u201eK\u00f6nigstag\u201c (NL) \u2013 27. April 2026 - Optimodal Nederland B.V. \u2013 Intermodaal Containervervoer in Europa","og_description":"Aufgrund des niederl\u00e4ndischen Feiertags &#8222;K\u00f6nigstag&#8220; sind wir am\u00a0Montag, 27. April 2026 in unserem B\u00fcro in Rotterdam nicht erreichbar. Unsere Zugverkehre sind von dem Feiertag nicht betroffen. Am Dienstag den 28.April 2026 sind wir wieder wie gewohnt f\u00fcr Sie erreichbar. Vielen Dank f\u00fcr Ihr Verst\u00e4ndnis. Rotterdam, 20.04.2026","og_url":"https:\/\/optimodal.nl\/de\/hinweis-zum-feiertag-koenigstag-nl-27-april-2026\/","og_site_name":"Optimodal Nederland B.V. \u2013 Intermodaal Containervervoer in Europa","article_published_time":"2026-04-20T08:47:16+00:00","article_modified_time":"2026-04-20T08:48:20+00:00","og_image":[{"width":600,"height":400,"url":"https:\/\/optimodal.nl\/wp-content\/uploads\/Konigstag_Optimodal.png","type":"image\/png"}],"author":"Alev","twitter_card":"summary_large_image","twitter_misc":{"Verfasst von":"Alev","Gesch\u00e4tzte Lesezeit":"1\u00a0Minute"},"schema":{"@context":"https:\/\/schema.org","@graph":[{"@type":"Article","@id":"https:\/\/optimodal.nl\/de\/hinweis-zum-feiertag-koenigstag-nl-27-april-2026\/#article","isPartOf":{"@id":"https:\/\/optimodal.nl\/de\/hinweis-zum-feiertag-koenigstag-nl-27-april-2026\/"},"author":{"name":"Alev","@id":"https:\/\/optimodal.nl\/de\/#\/schema\/person\/785d41ce873de848548a7e7c98453df9"},"headline":"Hinweis zum Feiertag \u201eK\u00f6nigstag\u201c (NL) \u2013 27. April 2026","datePublished":"2026-04-20T08:47:16+00:00","dateModified":"2026-04-20T08:48:20+00:00","mainEntityOfPage":{"@id":"https:\/\/optimodal.nl\/de\/hinweis-zum-feiertag-koenigstag-nl-27-april-2026\/"},"wordCount":56,"publisher":{"@id":"https:\/\/optimodal.nl\/de\/#organization"},"image":{"@id":"https:\/\/optimodal.nl\/de\/hinweis-zum-feiertag-koenigstag-nl-27-april-2026\/#primaryimage"},"thumbnailUrl":"https:\/\/optimodal.nl\/wp-content\/uploads\/Konigstag_Optimodal.png","articleSection":["News"],"inLanguage":"de"},{"@type":"WebPage","@id":"https:\/\/optimodal.nl\/de\/hinweis-zum-feiertag-koenigstag-nl-27-april-2026\/","url":"https:\/\/optimodal.nl\/de\/hinweis-zum-feiertag-koenigstag-nl-27-april-2026\/","name":"Hinweis zum Feiertag \u201eK\u00f6nigstag\u201c (NL) \u2013 27. April 2026 - Optimodal Nederland B.V. \u2013 Intermodaal Containervervoer in Europa","isPartOf":{"@id":"https:\/\/optimodal.nl\/de\/#website"},"primaryImageOfPage":{"@id":"https:\/\/optimodal.nl\/de\/hinweis-zum-feiertag-koenigstag-nl-27-april-2026\/#primaryimage"},"image":{"@id":"https:\/\/optimodal.nl\/de\/hinweis-zum-feiertag-koenigstag-nl-27-april-2026\/#primaryimage"},"thumbnailUrl":"https:\/\/optimodal.nl\/wp-content\/uploads\/Konigstag_Optimodal.png","datePublished":"2026-04-20T08:47:16+00:00","dateModified":"2026-04-20T08:48:20+00:00","breadcrumb":{"@id":"https:\/\/optimodal.nl\/de\/hinweis-zum-feiertag-koenigstag-nl-27-april-2026\/#breadcrumb"},"inLanguage":"de","potentialAction":[{"@type":"ReadAction","target":["https:\/\/optimodal.nl\/de\/hinweis-zum-feiertag-koenigstag-nl-27-april-2026\/"]}]},{"@type":"ImageObject","inLanguage":"de","@id":"https:\/\/optimodal.nl\/de\/hinweis-zum-feiertag-koenigstag-nl-27-april-2026\/#primaryimage","url":"https:\/\/optimodal.nl\/wp-content\/uploads\/Konigstag_Optimodal.png","contentUrl":"https:\/\/optimodal.nl\/wp-content\/uploads\/Konigstag_Optimodal.png","width":600,"height":400},{"@type":"BreadcrumbList","@id":"https:\/\/optimodal.nl\/de\/hinweis-zum-feiertag-koenigstag-nl-27-april-2026\/#breadcrumb","itemListElement":[{"@type":"ListItem","position":1,"name":"Home","item":"https:\/\/optimodal.nl\/de\/"},{"@type":"ListItem","position":2,"name":"Hinweis zum Feiertag \u201eK\u00f6nigstag\u201c (NL) \u2013 27. April 2026"}]},{"@type":"WebSite","@id":"https:\/\/optimodal.nl\/de\/#website","url":"https:\/\/optimodal.nl\/de\/","name":"Optimodal.nl \u2013 Intermodal Containertransport in Europa","description":"Wir verbinden H\u00e4fen und Terminals im Hinterland mit nachhaltigen Logistikl\u00f6sungen \u00fcber Schiene, Binnenschifffahrt und Stra\u00dfe \u2013 intelligent, flexibel und umweltfreundlich.","publisher":{"@id":"https:\/\/optimodal.nl\/de\/#organization"},"potentialAction":[{"@type":"SearchAction","target":{"@type":"EntryPoint","urlTemplate":"https:\/\/optimodal.nl\/de\/?s={search_term_string}"},"query-input":{"@type":"PropertyValueSpecification","valueRequired":true,"valueName":"search_term_string"}}],"inLanguage":"de"},{"@type":"Organization","@id":"https:\/\/optimodal.nl\/de\/#organization","name":"Optimodal Nederland B.V.","alternateName":"Optimodal","url":"https:\/\/optimodal.nl\/de\/","logo":{"@type":"ImageObject","inLanguage":"de","@id":"https:\/\/optimodal.nl\/de\/#\/schema\/logo\/image\/","url":"https:\/\/optimodal.nl\/wp-content\/uploads\/cropped-LOGO-500x500-Symbol.png","contentUrl":"https:\/\/optimodal.nl\/wp-content\/uploads\/cropped-LOGO-500x500-Symbol.png","width":512,"height":512,"caption":"Optimodal Nederland B.V."},"image":{"@id":"https:\/\/optimodal.nl\/de\/#\/schema\/logo\/image\/"},"sameAs":["https:\/\/www.linkedin.com\/company\/optimodal-nederland-b-v-\/"]},{"@type":"Person","@id":"https:\/\/optimodal.nl\/de\/#\/schema\/person\/785d41ce873de848548a7e7c98453df9","name":"Alev","sameAs":["http:\/\/optimodal.nl"],"url":"https:\/\/optimodal.nl\/de\/author\/sekretariat\/"}]}},"_links":{"self":[{"href":"https:\/\/optimodal.nl\/de\/wp-json\/wp\/v2\/posts\/27330","targetHints":{"allow":["GET"]}}],"collection":[{"href":"https:\/\/optimodal.nl\/de\/wp-json\/wp\/v2\/posts"}],"about":[{"href":"https:\/\/optimodal.nl\/de\/wp-json\/wp\/v2\/types\/post"}],"author":[{"embeddable":true,"href":"https:\/\/optimodal.nl\/de\/wp-json\/wp\/v2\/users\/7"}],"replies":[{"embeddable":true,"href":"https:\/\/optimodal.nl\/de\/wp-json\/wp\/v2\/comments?post=27330"}],"version-history":[{"count":1,"href":"https:\/\/optimodal.nl\/de\/wp-json\/wp\/v2\/posts\/27330\/revisions"}],"predecessor-version":[{"id":27331,"href":"https:\/\/optimodal.nl\/de\/wp-json\/wp\/v2\/posts\/27330\/revisions\/27331"}],"wp:featuredmedia":[{"embeddable":true,"href":"https:\/\/optimodal.nl\/de\/wp-json\/wp\/v2\/media\/27326"}],"wp:attachment":[{"href":"https:\/\/optimodal.nl\/de\/wp-json\/wp\/v2\/media?parent=27330"}],"wp:term":[{"taxonomy":"category","embeddable":true,"href":"https:\/\/optimodal.nl\/de\/wp-json\/wp\/v2\/categories?post=27330"},{"taxonomy":"post_tag","embeddable":true,"href":"https:\/\/optimodal.nl\/de\/wp-json\/wp\/v2\/tags?post=27330"}],"curies":[{"name":"wp","href":"https:\/\/api.w.org\/{rel}","templated":true}]}}